{"id":1209,"date":"2018-06-30T13:10:21","date_gmt":"2018-06-30T11:10:21","guid":{"rendered":"https:\/\/www.joerg-alff.de\/cms\/?p=1209"},"modified":"2018-07-06T09:41:13","modified_gmt":"2018-07-06T07:41:13","slug":"genesung-bei-knieverletzung-macht-fortschritte-mountainbike-fahrten-zur-commerzbank-frankfurt-start-lauftraining-im-juli","status":"publish","type":"post","link":"https:\/\/www.joerg-alff.de\/cms\/2018\/06\/30\/genesung-bei-knieverletzung-macht-fortschritte-mountainbike-fahrten-zur-commerzbank-frankfurt-start-lauftraining-im-juli\/","title":{"rendered":"Genesung bei Knieverletzung macht Fortschritte \/\/ Mountainbike-Fahrten zur Commerzbank Frankfurt \/\/ START Lauftraining im JULI!!!"},"content":{"rendered":"<p>Liebe Lauffreunde!<\/p>\n<p>Es ist jetzt ein halbes Jahr her nach meinem letzten Beitrag auf meiner Eifelrunner Homepage. In der Zwischenzeit war einiges passiert und ich habe auch neue Wege eingeschlagen um meine Fitness auf breitere F\u00fcsse zu stellen f\u00fcr mehr Flexibilit\u00e4t und Stabilit\u00e4t. Zum einen hatte ich einen bl\u00f6den Unfall im M\u00e4rz, bei dem ich &#8211; ja ok es war eine kleine Fussballkickerei mit den Nachbarn &#8211; mir am linken Knie das Innenband teilabgerissen bzw. eine Teilruptur davon getragen habe. Puh, das war erst einmal ein kleiner Schock! Warum ich jetzt und \u00fcberhaupt? Ok,\u00a0 was war zu tun: Ich habe sofort meine BAUERFEIND Genutrain Kneibandage getragen, um so die Last vom Knie wegzunehmen und ein sicheres Gef\u00fchl bei der Bewegung zu bekommen, d. h. beim Gehen. Dann rief ich sofort meine Orthop\u00e4diepraxis &#8220;Ortho One&#8221; in Neu-Isenburg an und bekam auch gleich einen Termin bei deren Kniespezialisten, Dr. v. Salomon, ein Kollege von meinem eigentlichen Orthop\u00e4den Dr. A. Hild. Dr. v. Salomon schickte mich gleich zum MRT in Neu-Isenburg zu &#8220;RNi&#8221;. Hier bekam ich die Diagnose der (Teil-)Ruptur des Innenbandes (s. auch die Skizze). Und die Therapie? Ein operativer Eingriff durch Ortho-One wurde abgewendet &#8211; &#8220;Gl\u00fcck im Ungl\u00fcck&#8221;. Sodann machte ich konkrete Pl\u00e4ne mit meiner orth. Praxis f\u00fcr eine &#8220;Recosyn&#8221;-Kur mit Hyalurons\u00e4ure an f\u00fcnf Terminen im April und einmal Anfang Mai mit jeweils einer Recosyn-Spritze direkt an die betroffene Stelle am Innenknie. Was bleibt mir an SPORT? An Laufen war nat\u00fcrlich nicht zu denken bis zu drei Monaten!!! Also rauf aufs Mountainbike mit einem kontrollierten Bewegungsablauf beim Pedalieren mit den CUBE-Klickschuhen, auf jeden Fall mit der Kniebandage. F\u00fcr den Alltag wurde mir die BAUERFEIND GenuTrain S Pro verordnet, die ich dann wie eine zweite Haut selbstverst\u00e4ndlich Tag f\u00fcr Tag getragen habe &#8211; und das bis zum heutigen Tage Ende Juni!!! Meine morgendliche Gymnastik mit Yoga, Qigong und Kraft\u00fcbungen usw. ist freilich am Anfang ganz sch\u00f6n eingeschr\u00e4nkt. Was anfangs fatal war: Die Knie-Rotationsbewegung war v\u00f6llig unm\u00f6glich weil auch sehr schmerzhaft. Aber meine Geduld und Arbeit mit der Beweglichkeit hat sich gelohnt, das Knie wurde stabiler und belastbarer. Das sp\u00fcrte ich dann vor allem bei meinen l\u00e4ngeren MTB-Touren auf dem R3-Radweg und geradezu bei meinen ersten Fahrten auf die Arbeit zur Commerzbank nach Frankfurt &#8211; das sind dann mal ca. 37 km f\u00fcr den Hin- und auch 37 km abends f\u00fcr den R\u00fcckweg. Eine tolle und befriedigende Fitness-Aktion f\u00fcr mich, auf die ich sehr stolz bin. Was f\u00fcr eine Leistung in der Erkenntnis, dass ich ein l\u00e4diertes Knie habe, welches zwar von einer Kniebandage gesch\u00fctzt ist, aber durch Bewegung, Dehnung und Regeneration schneller heilt als sonst. Obendrein schmiere ich mein linkes Knie mehrmals am Tag mit dem Gel &#8220;Flexinol&#8221; ein.<br \/>\nEin Helferchen mit allerlei guten Zutaten, wie z. B. Chondroitinsulfat, Glucosaminsulfat und Gr\u00fcnlippmuschel-Extrakt. Das ist mehr als ein &#8220;Placebo-Effekt&#8221;; man muss einfach daran glauben, und das tue ich!!!<\/p>\n<p>In meinem n\u00e4chsten Beitrag erz\u00e4hle ich Euch, liebe Lauffreunde, von meinen Coba-Trips nach Frankfurt, meinen Begegnungen mit dem &#8220;omin\u00f6sen&#8221; Fahrradz\u00e4hler im Hafen Offenbach (HO) usw&#8230;<\/p>\n<p><a href=\"https:\/\/www.joerg-alff.de\/cms\/wp-content\/uploads\/2018\/06\/Baenderdehnung-589.jpg\" rel=\"attachment wp-att-1211\"><img loading=\"lazy\" class=\"alignnone size-medium wp-image-1211\" src=\"https:\/\/www.joerg-alff.de\/cms\/wp-content\/uploads\/2018\/06\/Baenderdehnung-589-300x203.jpg\" alt=\"Baenderdehnung-589\" width=\"300\" height=\"203\" srcset=\"https:\/\/www.joerg-alff.de\/cms\/wp-content\/uploads\/2018\/06\/Baenderdehnung-589-300x203.jpg 300w, https:\/\/www.joerg-alff.de\/cms\/wp-content\/uploads\/2018\/06\/Baenderdehnung-589-768x520.jpg 768w, https:\/\/www.joerg-alff.de\/cms\/wp-content\/uploads\/2018\/06\/Baenderdehnung-589.jpg 790w\" sizes=\"(max-width: 300px) 100vw, 300px\" \/><\/a><\/p>\n<p>&lt;Fortsetzung folgt&gt;<\/p>\n<p>(Foto Fahrradz\u00e4hlstelle: Copyright by J\u00f6rg Alff)<\/p>\n<p>&nbsp;<\/p>\n","protected":false},"excerpt":{"rendered":"<p>Liebe Lauffreunde! Es ist jetzt ein halbes Jahr her nach meinem letzten Beitrag auf meiner [&hellip;]<\/p>\n","protected":false},"author":4,"featured_media":1210,"comment_status":"closed","ping_status":"open","sticky":false,"template":"","format":"standard","meta":[],"categories":[1],"tags":[],"_links":{"self":[{"href":"https:\/\/www.joerg-alff.de\/cms\/wp-json\/wp\/v2\/posts\/1209"}],"collection":[{"href":"https:\/\/www.joerg-alff.de\/cms\/wp-json\/wp\/v2\/posts"}],"about":[{"href":"https:\/\/www.joerg-alff.de\/cms\/wp-json\/wp\/v2\/types\/post"}],"author":[{"embeddable":true,"href":"https:\/\/www.joerg-alff.de\/cms\/wp-json\/wp\/v2\/users\/4"}],"replies":[{"embeddable":true,"href":"https:\/\/www.joerg-alff.de\/cms\/wp-json\/wp\/v2\/comments?post=1209"}],"version-history":[{"count":19,"href":"https:\/\/www.joerg-alff.de\/cms\/wp-json\/wp\/v2\/posts\/1209\/revisions"}],"predecessor-version":[{"id":1260,"href":"https:\/\/www.joerg-alff.de\/cms\/wp-json\/wp\/v2\/posts\/1209\/revisions\/1260"}],"wp:featuredmedia":[{"embeddable":true,"href":"https:\/\/www.joerg-alff.de\/cms\/wp-json\/wp\/v2\/media\/1210"}],"wp:attachment":[{"href":"https:\/\/www.joerg-alff.de\/cms\/wp-json\/wp\/v2\/media?parent=1209"}],"wp:term":[{"taxonomy":"category","embeddable":true,"href":"https:\/\/www.joerg-alff.de\/cms\/wp-json\/wp\/v2\/categories?post=1209"},{"taxonomy":"post_tag","embeddable":true,"href":"https:\/\/www.joerg-alff.de\/cms\/wp-json\/wp\/v2\/tags?post=1209"}],"curies":[{"name":"wp","href":"https:\/\/api.w.org\/{rel}","templated":true}]}}