{"id":1287,"date":"2018-08-12T14:15:20","date_gmt":"2018-08-12T12:15:20","guid":{"rendered":"https:\/\/www.joerg-alff.de\/cms\/?p=1287"},"modified":"2018-09-02T12:32:40","modified_gmt":"2018-09-02T10:32:40","slug":"stoppomat-feldberg-taunus-und-ein-treffen-mit-florian-neuschwander","status":"publish","type":"post","link":"https:\/\/www.joerg-alff.de\/cms\/2018\/08\/12\/stoppomat-feldberg-taunus-und-ein-treffen-mit-florian-neuschwander\/","title":{"rendered":"Stoppomat Feldberg Taunus und ein Treffen mit dem Besten Trailrunner Deutschlands"},"content":{"rendered":"<p>Mein 1. l\u00e4uferischer Ausflug auf den Gr0\u00dfen Feldberg im Taunus. Geplant war es mit dem Stoppomat meinen Trailrun zu dokumentieren! Aber nix war es mit dem Interakiven Laufvergleich auf der 10,2 km Laufstrecke mit ca. 606 H\u00f6henmeter. Was aber ist passiert? Und welche tolle Begegnung mit einem Gleichgesinnten hat den Taunus-Ausflug mehr als vers\u00fc\u00dft? F\u00fcr Neugierige schon mal der ultimative Fotobeweis;-)<\/p>\n<p><a href=\"https:\/\/www.joerg-alff.de\/cms\/wp-content\/uploads\/2018\/08\/WP_20180811_14_51_28_Pro.jpg\" rel=\"attachment wp-att-1315\"><img loading=\"lazy\" class=\"alignnone wp-image-1315 size-large\" src=\"https:\/\/www.joerg-alff.de\/cms\/wp-content\/uploads\/2018\/08\/WP_20180811_14_51_28_Pro-1024x576.jpg\" alt=\"WP_20180811_14_51_28_Pro\" width=\"640\" height=\"360\" srcset=\"https:\/\/www.joerg-alff.de\/cms\/wp-content\/uploads\/2018\/08\/WP_20180811_14_51_28_Pro-1024x576.jpg 1024w, https:\/\/www.joerg-alff.de\/cms\/wp-content\/uploads\/2018\/08\/WP_20180811_14_51_28_Pro-300x169.jpg 300w, https:\/\/www.joerg-alff.de\/cms\/wp-content\/uploads\/2018\/08\/WP_20180811_14_51_28_Pro-768x432.jpg 768w, https:\/\/www.joerg-alff.de\/cms\/wp-content\/uploads\/2018\/08\/WP_20180811_14_51_28_Pro.jpg 1600w\" sizes=\"(max-width: 640px) 100vw, 640px\" \/><\/a><\/p>\n<p><a href=\"https:\/\/www.joerg-alff.de\/cms\/wp-content\/uploads\/2018\/08\/WP_20180811_16_15_12_Pro.jpg\" rel=\"attachment wp-att-1316\"><img loading=\"lazy\" class=\"alignnone wp-image-1316 size-large\" src=\"https:\/\/www.joerg-alff.de\/cms\/wp-content\/uploads\/2018\/08\/WP_20180811_16_15_12_Pro-1024x576.jpg\" alt=\"WP_20180811_16_15_12_Pro\" width=\"640\" height=\"360\" srcset=\"https:\/\/www.joerg-alff.de\/cms\/wp-content\/uploads\/2018\/08\/WP_20180811_16_15_12_Pro-1024x576.jpg 1024w, https:\/\/www.joerg-alff.de\/cms\/wp-content\/uploads\/2018\/08\/WP_20180811_16_15_12_Pro-300x169.jpg 300w, https:\/\/www.joerg-alff.de\/cms\/wp-content\/uploads\/2018\/08\/WP_20180811_16_15_12_Pro-768x432.jpg 768w, https:\/\/www.joerg-alff.de\/cms\/wp-content\/uploads\/2018\/08\/WP_20180811_16_15_12_Pro.jpg 1600w\" sizes=\"(max-width: 640px) 100vw, 640px\" \/><\/a><\/p>\n<p>(Fotos: Copyright by J\u00f6rg Alff)<\/p>\n<p>&lt;&#8230;Fortsetzung folgt&#8230;&gt;<\/p>\n","protected":false},"excerpt":{"rendered":"<p>Mein 1. l\u00e4uferischer Ausflug auf den Gr0\u00dfen Feldberg im Taunus. Geplant war es mit dem [&hellip;]<\/p>\n","protected":false},"author":4,"featured_media":1314,"comment_status":"closed","ping_status":"open","sticky":false,"template":"","format":"standard","meta":[],"categories":[35],"tags":[],"_links":{"self":[{"href":"https:\/\/www.joerg-alff.de\/cms\/wp-json\/wp\/v2\/posts\/1287"}],"collection":[{"href":"https:\/\/www.joerg-alff.de\/cms\/wp-json\/wp\/v2\/posts"}],"about":[{"href":"https:\/\/www.joerg-alff.de\/cms\/wp-json\/wp\/v2\/types\/post"}],"author":[{"embeddable":true,"href":"https:\/\/www.joerg-alff.de\/cms\/wp-json\/wp\/v2\/users\/4"}],"replies":[{"embeddable":true,"href":"https:\/\/www.joerg-alff.de\/cms\/wp-json\/wp\/v2\/comments?post=1287"}],"version-history":[{"count":4,"href":"https:\/\/www.joerg-alff.de\/cms\/wp-json\/wp\/v2\/posts\/1287\/revisions"}],"predecessor-version":[{"id":1474,"href":"https:\/\/www.joerg-alff.de\/cms\/wp-json\/wp\/v2\/posts\/1287\/revisions\/1474"}],"wp:featuredmedia":[{"embeddable":true,"href":"https:\/\/www.joerg-alff.de\/cms\/wp-json\/wp\/v2\/media\/1314"}],"wp:attachment":[{"href":"https:\/\/www.joerg-alff.de\/cms\/wp-json\/wp\/v2\/media?parent=1287"}],"wp:term":[{"taxonomy":"category","embeddable":true,"href":"https:\/\/www.joerg-alff.de\/cms\/wp-json\/wp\/v2\/categories?post=1287"},{"taxonomy":"post_tag","embeddable":true,"href":"https:\/\/www.joerg-alff.de\/cms\/wp-json\/wp\/v2\/tags?post=1287"}],"curies":[{"name":"wp","href":"https:\/\/api.w.org\/{rel}","templated":true}]}}