{"id":1560,"date":"2019-01-03T16:54:54","date_gmt":"2019-01-03T15:54:54","guid":{"rendered":"https:\/\/www.joerg-alff.de\/cms\/?p=1560"},"modified":"2019-01-10T13:34:28","modified_gmt":"2019-01-10T12:34:28","slug":"44-oberrodenbacher-silvesterlauf-102km-lauf4-platz-m50-in-41-05-min-21-gesamtplatz-unter-302-startern112-min-schneller-als-2017","status":"publish","type":"post","link":"https:\/\/www.joerg-alff.de\/cms\/2019\/01\/03\/44-oberrodenbacher-silvesterlauf-102km-lauf4-platz-m50-in-41-05-min-21-gesamtplatz-unter-302-startern112-min-schneller-als-2017\/","title":{"rendered":"44. Oberrodenbacher Silvesterlauf 10,2km-Lauf+++4. Platz M50 in 41.05 min.+++21. Gesamtplatz unter 302 Startern+++1:12 min. schneller als 2017"},"content":{"rendered":"<p>Der <a href=\"https:\/\/www.turnverein-oberrodenbach.de\/ig-silvesterlauf.html\">44. Oberrodenbacher Silvesterlauf\u00a0<\/a> war f\u00fcr mich ein ganz besonderer Jahresabschlu\u00df des Wettkampfjahres 2018 und mein letztes Rennen in der Altersklasse M50. Nebenbei bemerkt ist es hier so, dass die Wertungen der AKs in 10er-Schritten erfolgt. So werde ich auch in 2019 bei der 45. Auflage in das Laufgeschehen eingreifen und nach dem Podest greifen. Die Vorzeichen waren ja gar nicht so schlecht. Ich habe recht ordentlich bis zu 4x pro Woche trainiert und zus\u00e4tzlich das Schwimmen am Freitag im Textorbad durchgezogen. Okay, ein paar Kilometer mehr h\u00e4tten es schon sein k\u00f6nnen. Mit der Zeit von 41:05 Minuten f\u00fcr die 10,2 Kilometer war ich letztendlich gar nicht so unzufrieden. Im Gegenteil; kurz vorm Finish hatte ich den zu dem Zeitpunkt Drittplatzierten im Visier, konnte den Christian Sch\u00fcller jedoch nicht mehr \u00fcberholen. Das Ziel war einfach ein St\u00fcck zu kurz, ein paar Meter weiter und ich h\u00e4tte den B\u00fcdinger hinter mir gelassen! Zu einer Begegnung mit Lisa Oed vom SSC Hanau-Rodenbach &#8211; der Siegerin der Frauenkonkurrenz &#8211; kam es am 2. &#8220;Moby Dick&#8221;-Anstieg, als die mehrfache Deutsche Meisterin der U23 zu mir aufschloss und dann vorbeizog. Ich konnte jedoch bei den abfallenden Passagen meine l\u00e4uferische Klasse ausspielen und wieder zu ihr aufschliessen. Aber dann ist sie mir auf dem letzten (oder zwei) Kilometer davongelaufen und siegte in 40:45 Minuten. Das ZIEL f\u00fcr mich h\u00e4tte sein k\u00f6nnen: Bleib dran und zieh durch bis ins Ziel, und so h\u00e4tte ich auch den sp\u00e4teren Zweitplatzierten der AK50 besiegen k\u00f6nnen und w\u00e4re so toller Zweiter geworden hinter dem \u00fcberragenden Sieger Rolf Ciesielski vom Team MainLauf Cup!! &#8211; \u00dcbrigens: Ich hatte mit der Wahl meines BROOKS Ghost 9 GTX eine exquisite Schuhfall getroffen f\u00fcr den Untergrund im Wald. Ich hatte unterwegs den n\u00f6tigen Grip und Halt, der Waldboden war fest und gut zu laufen ohne wegzurutschen. Die angedachten adidas-Spikes blieben dann doch besser in der 2XU-Tasche zur\u00fcck&#8230;<\/p>\n<p>Die wieder gewonnenen Erfahrungen aus dem Silvesterrennen werden mich weiter nach vorne pushen und motivieren f\u00fcr die kommenden Wettk\u00e4mpfe im Januar und M\u00e4rz (so wie bis dato geplant). Dazu geh\u00f6ren in erste Linie der Jubil\u00e4ums-Ultra in Rodgau am 26.01.19 und der Frankfurter Halbmarathon am 10. M\u00e4rz!! Apropros: Die 10 Tage vor dem HM verbringen wir einen sch\u00f6nen Aufenthalt in der Eifel zu Besuch bei unseren Freunden. Dort kann ich mir noch den letzten Schliff holen f\u00fcr den 1. Halbmarathon in der neuen Seniorenklasse M55!!!<\/p>\n<p>Aktuell k\u00f6nnt Ihr die Berichterstattung \u00fcber die 44. Auflage des Oberrodenbacher Silvesterlaufes im <strong><a href=\"https:\/\/www.hanauer.de\/ha_51_111641444-29-_Silvesterlauf-Abele-Brueder-auf-Bestzeiten-Jagd.html\">HANAUER ANZEIGER<\/a><\/strong> verfolgen&#8230;Viel Spass bei der Lekt\u00fcre!!! UND: Der EIFELRUNNER macht an der Startlinie eine gute Figur!!!<\/p>\n<p><strong><span style=\"color: #0000ff;\">Erg\u00e4nzung vom 10. Januar 2019<\/span>:<\/strong> Das START-Foto durfte ich heute zum LaufErlebnis-Bericht hinzuf\u00fcgen als Beitragsbild! Herzlichen Dank geht an die Sportredaktion vom Hanauer Anzeiger!<\/p>\n<p><span style=\"color: #0000ff;\"><strong>Hier die <a href=\"https:\/\/my2.raceresult.com\/102568\/#6_E20D9E\">Ergebnisse <\/a>der AK Senioren M50:<\/strong><\/span><br \/>\n1. 591 &#8211; Ciesielski, Rolf &#8211; Team MainLauf Cup &#8211; 38:45 min. &#8211; 3:47,8 min\/km<br \/>\n2. 484 &#8211; Frerichs, Martin &#8211; SV Fun-Ball Dortelweil 40:49 min. &#8211; 4:00,0 min\/km<br \/>\n3. 368 &#8211; Sch\u00fcller, Christian &#8211; Laufprojekt B\u00fcdingen 41:01 min. &#8211; 4:01,1 min\/km<br \/>\n<strong>4. 218 &#8211; Alff, J\u00f6rg &#8211; LG Vulkaneifel 41:05 min. &#8211; 4:01,5 min\/km<\/strong><br \/>\n5. 385 &#8211; Suhl, J\u00f6rg &#8211; LLT Wallernhausen 41:22 min. &#8211; 4:03,2 min\/km<\/p>\n<p>Keep on Running!!!<\/p>\n<p>Euer Eifelrunner<br \/>\nJ\u00f6rg<\/p>\n<p><strong>[Foto vom 02.01.19: Copyright by Hanauer Anzeiger (os)]<\/strong><\/p>\n<p>&nbsp;<\/p>\n<p>&nbsp;<\/p>\n","protected":false},"excerpt":{"rendered":"<p>Der 44. Oberrodenbacher Silvesterlauf\u00a0 war f\u00fcr mich ein ganz besonderer Jahresabschlu\u00df des Wettkampfjahres 2018 und [&hellip;]<\/p>\n","protected":false},"author":4,"featured_media":1577,"comment_status":"closed","ping_status":"open","sticky":false,"template":"","format":"standard","meta":[],"categories":[29,28],"tags":[],"_links":{"self":[{"href":"https:\/\/www.joerg-alff.de\/cms\/wp-json\/wp\/v2\/posts\/1560"}],"collection":[{"href":"https:\/\/www.joerg-alff.de\/cms\/wp-json\/wp\/v2\/posts"}],"about":[{"href":"https:\/\/www.joerg-alff.de\/cms\/wp-json\/wp\/v2\/types\/post"}],"author":[{"embeddable":true,"href":"https:\/\/www.joerg-alff.de\/cms\/wp-json\/wp\/v2\/users\/4"}],"replies":[{"embeddable":true,"href":"https:\/\/www.joerg-alff.de\/cms\/wp-json\/wp\/v2\/comments?post=1560"}],"version-history":[{"count":10,"href":"https:\/\/www.joerg-alff.de\/cms\/wp-json\/wp\/v2\/posts\/1560\/revisions"}],"predecessor-version":[{"id":1578,"href":"https:\/\/www.joerg-alff.de\/cms\/wp-json\/wp\/v2\/posts\/1560\/revisions\/1578"}],"wp:featuredmedia":[{"embeddable":true,"href":"https:\/\/www.joerg-alff.de\/cms\/wp-json\/wp\/v2\/media\/1577"}],"wp:attachment":[{"href":"https:\/\/www.joerg-alff.de\/cms\/wp-json\/wp\/v2\/media?parent=1560"}],"wp:term":[{"taxonomy":"category","embeddable":true,"href":"https:\/\/www.joerg-alff.de\/cms\/wp-json\/wp\/v2\/categories?post=1560"},{"taxonomy":"post_tag","embeddable":true,"href":"https:\/\/www.joerg-alff.de\/cms\/wp-json\/wp\/v2\/tags?post=1560"}],"curies":[{"name":"wp","href":"https:\/\/api.w.org\/{rel}","templated":true}]}}