{"id":1589,"date":"2019-02-20T16:02:24","date_gmt":"2019-02-20T15:02:24","guid":{"rendered":"https:\/\/www.joerg-alff.de\/cms\/?p=1589"},"modified":"2019-02-26T12:42:55","modified_gmt":"2019-02-26T11:42:55","slug":"lauftraining-in-frankfurt-am-main-mit-ausfuehrlicher-dokumentation-im-polar-m430","status":"publish","type":"post","link":"https:\/\/www.joerg-alff.de\/cms\/2019\/02\/20\/lauftraining-in-frankfurt-am-main-mit-ausfuehrlicher-dokumentation-im-polar-m430\/","title":{"rendered":"LaufTRaining in Frankfurt am Main mit ausf\u00fchrlicher Dokumentation im POLAR M430"},"content":{"rendered":"<p>Das <strong><span style=\"color: #0000ff;\">LAUFEN in &#8220;Mainhattan&#8221;<\/span><\/strong> ist f\u00fcr mich jedes Mal ein besonderes Erlebnis. In den fr\u00fchen Morgenstunden so gegen 07:00 Uhr starte ich vorzugsweise dienstags von der Adam-Riese-Stra\u00dfe nahe dem Commerzbank DLZ1 aus in die Hafenstra\u00dfe unter den Tunnel Richtung MAIN. Und schon bin ich unterwegs auf dem Mainuferweg Richtung Offenbach Hafen2.<\/p>\n<p><a href=\"https:\/\/www.joerg-alff.de\/cms\/wp-content\/uploads\/2019\/02\/POLAR_M430_Running_190219.jpg\" rel=\"attachment wp-att-1596\"><img loading=\"lazy\" class=\"alignnone wp-image-1596\" src=\"https:\/\/www.joerg-alff.de\/cms\/wp-content\/uploads\/2019\/02\/POLAR_M430_Running_190219-300x95.jpg\" alt=\"POLAR_M430_Running_190219\" width=\"486\" height=\"154\" srcset=\"https:\/\/www.joerg-alff.de\/cms\/wp-content\/uploads\/2019\/02\/POLAR_M430_Running_190219-300x95.jpg 300w, https:\/\/www.joerg-alff.de\/cms\/wp-content\/uploads\/2019\/02\/POLAR_M430_Running_190219-768x244.jpg 768w, https:\/\/www.joerg-alff.de\/cms\/wp-content\/uploads\/2019\/02\/POLAR_M430_Running_190219-1024x325.jpg 1024w, https:\/\/www.joerg-alff.de\/cms\/wp-content\/uploads\/2019\/02\/POLAR_M430_Running_190219.jpg 1243w\" sizes=\"(max-width: 486px) 100vw, 486px\" \/><\/a><\/p>\n<p>Der Run am 19.02.19 f\u00fchrte mich vorzugsweise wiedermal bis zur &#8220;Gerberm\u00fchle&#8221; auf der Sachenhausener Seite unter die neue Osthafenbr\u00fccke vorbei an der Schleuse Offenbach bis zum Wendepunkt &#8220;Main-Turm am Hafen&#8221;, der sich noch im Winterschlaf befindet. Hier liegt der Hafenplatz mit den &#8220;Gesch\u00e4ftigkeiten&#8221; wie B\u00e4ckerei und Drogerie rund um Hafenplatz und Hafendeck. Hier habe ich dann auch zum x-ten Mal die station\u00e4re Fahrradz\u00e4hlstelle auf H\u00f6he des blauen Krans passiert und wurde gef\u00fchlt als &#8220;Nummer 189&#8221; registriert; nat\u00fcrlich nicht, weil ich als L\u00e4ufer nicht ber\u00fccksichtigt werde. Wie schade&#8230;grins. Das ist der Wahnsinn, dass heuer schon \u00fcber 40.000 Radpendler an der Z\u00e4hlstelle vorbei ged\u00fcst sind. Nebenbei, ich muss mal nachschauen, seit wann der &#8220;Hightech-Turm&#8221; dort steht. ******<em><strong>Nachtrag 26.02.19: <\/strong><\/em><em>Die 1. Fahrradz\u00e4hlstelle Hessens wurde am 21.04.2016 er\u00f6ffnet. Fakten: 2,3 Meter hohe und 46 Zentimeter breite Anzeiges\u00e4ule des franz\u00f6sischen Herstellers &#8220;eco counter&#8221;. Technik: Induktionsschleifen im Boden messen in beiden Richtungen die Zahl der Radpendler plus Anzeige der Jahresgesam<\/em>tzahl.******<\/p>\n<p>Zur\u00fcck zum LaufERlebnis des Eifelrunners am Wendepunkt: Die Sonne war l\u00e4ngst aufgegangen und leichte Bew\u00f6lkung baute sich am Himmel auf, der strahlend-blaue Himmel vom Wochenende wurde abgel\u00f6st bei doch bleibenden milden Temperaturen. Die adidas Halfrim Pro hat sich (noch) nicht gelohnt aufzusetzen, zumal es beim Start gegen 07:00 Uhr noch dunkel ist und ich meine Blinkerl\u00e4mpchen an meiner M\u00fctze r\u00fcckseitig montiert habe.<\/p>\n<p>Beim R\u00fcckweg bin ich immer besonders motiviert mal das Tempo zu erh\u00f6hen bis zum 4er Schnitt, weil ich schon die Frankfurter T\u00fcrme im Blick habe und ich mich magisch angezogen f\u00fchle an ihnen vorbei zu ziehen. Sp\u00e4testens beim &#8220;Eisernen Steg&#8221; geht&#8217;s Richtung Westhafentower und vorher noch \u00fcber den sch\u00f6nen &#8220;Holbeinsteg&#8221;, den ich schon so viele Mal l\u00e4uferisch \u00fcberquert habe. Das ist f\u00fcr mich pers\u00f6nlich ein ganz bewegender Moment, wenn ich beim Laufen links wie rechts auf das Wasser des Mains gucken kann und die Wolkenkratzer vor Augen habe. DAS ist halt das Besondere am LAUFEN &#8211; Erlebnisse und Besichtigungstour kann ich auf ganz besondere Art genie\u00dfen trotz meines flotten GA2-Lauftempos!!!<\/p>\n<p><span style=\"color: #0000ff;\">+++++++++Fortsetzung folgt+++++++++<\/span><\/p>\n<p><span style=\"color: #0000ff;\"><strong>Euer<\/strong> <strong>EIFELRUNNER<\/strong><\/span><\/p>\n<p><strong><span style=\"color: #0000ff;\">J\u00f6rg<\/span><\/strong><\/p>\n<p>&nbsp;<\/p>\n<p>&nbsp;<\/p>\n<p>&nbsp;<\/p>\n<p>&nbsp;<\/p>\n","protected":false},"excerpt":{"rendered":"<p>Das LAUFEN in &#8220;Mainhattan&#8221; ist f\u00fcr mich jedes Mal ein besonderes Erlebnis. In den fr\u00fchen [&hellip;]<\/p>\n","protected":false},"author":4,"featured_media":1601,"comment_status":"closed","ping_status":"open","sticky":false,"template":"","format":"standard","meta":[],"categories":[35],"tags":[],"_links":{"self":[{"href":"https:\/\/www.joerg-alff.de\/cms\/wp-json\/wp\/v2\/posts\/1589"}],"collection":[{"href":"https:\/\/www.joerg-alff.de\/cms\/wp-json\/wp\/v2\/posts"}],"about":[{"href":"https:\/\/www.joerg-alff.de\/cms\/wp-json\/wp\/v2\/types\/post"}],"author":[{"embeddable":true,"href":"https:\/\/www.joerg-alff.de\/cms\/wp-json\/wp\/v2\/users\/4"}],"replies":[{"embeddable":true,"href":"https:\/\/www.joerg-alff.de\/cms\/wp-json\/wp\/v2\/comments?post=1589"}],"version-history":[{"count":14,"href":"https:\/\/www.joerg-alff.de\/cms\/wp-json\/wp\/v2\/posts\/1589\/revisions"}],"predecessor-version":[{"id":1610,"href":"https:\/\/www.joerg-alff.de\/cms\/wp-json\/wp\/v2\/posts\/1589\/revisions\/1610"}],"wp:featuredmedia":[{"embeddable":true,"href":"https:\/\/www.joerg-alff.de\/cms\/wp-json\/wp\/v2\/media\/1601"}],"wp:attachment":[{"href":"https:\/\/www.joerg-alff.de\/cms\/wp-json\/wp\/v2\/media?parent=1589"}],"wp:term":[{"taxonomy":"category","embeddable":true,"href":"https:\/\/www.joerg-alff.de\/cms\/wp-json\/wp\/v2\/categories?post=1589"},{"taxonomy":"post_tag","embeddable":true,"href":"https:\/\/www.joerg-alff.de\/cms\/wp-json\/wp\/v2\/tags?post=1589"}],"curies":[{"name":"wp","href":"https:\/\/api.w.org\/{rel}","templated":true}]}}