{"id":2007,"date":"2021-12-23T22:38:00","date_gmt":"2021-12-23T21:38:00","guid":{"rendered":"https:\/\/www.joerg-alff.de\/cms\/?p=2007"},"modified":"2021-12-23T22:43:11","modified_gmt":"2021-12-23T21:43:11","slug":"das-lauftraining-ist-in-vollem-gange-und-die-naechsten-wettkaempfe-sind-gesetzt","status":"publish","type":"post","link":"https:\/\/www.joerg-alff.de\/cms\/2021\/12\/23\/das-lauftraining-ist-in-vollem-gange-und-die-naechsten-wettkaempfe-sind-gesetzt\/","title":{"rendered":"Das LAUFTRAINING ist in vollem Gange und die n\u00e4chsten Wettk\u00e4mpfe sind gesetzt!!!"},"content":{"rendered":"\n<h2>+++Aus aktuellem Anlass wie geplant &#8211; Silvesterlauf TV Oberrodenbach 31.12.2021 &#8211; LAUFTRaining des EIFELRUNNERS am Beispiel einer Trainingswoche+++ <\/h2>\n\n\n\n<p style=\"font-size:24px\">Das LAUFTRAINING nimmt Fahrt auf und das Schwimmen hat auch wieder gestartet im Hallenbad Erlensee am 06.07.21 mit gleichmal 1.200 Meter Brust- und Kraulschwimmen f\u00fcr den Ausgleich und die Regeneration!!!<\/p>\n\n\n\n<figure class=\"wp-block-image size-large\"><a href=\"https:\/\/www.joerg-alff.de\/cms\/wp-content\/uploads\/2021\/07\/image-1.png\"><img loading=\"lazy\" width=\"1024\" height=\"240\" src=\"https:\/\/www.joerg-alff.de\/cms\/wp-content\/uploads\/2021\/07\/image-1-1024x240.png\" alt=\"\" class=\"wp-image-2010\" srcset=\"https:\/\/www.joerg-alff.de\/cms\/wp-content\/uploads\/2021\/07\/image-1-1024x240.png 1024w, https:\/\/www.joerg-alff.de\/cms\/wp-content\/uploads\/2021\/07\/image-1-300x70.png 300w, https:\/\/www.joerg-alff.de\/cms\/wp-content\/uploads\/2021\/07\/image-1-768x180.png 768w, https:\/\/www.joerg-alff.de\/cms\/wp-content\/uploads\/2021\/07\/image-1.png 1137w\" sizes=\"(max-width: 1024px) 100vw, 1024px\" \/><\/a><\/figure>\n\n\n\n<p style=\"font-size:24px\"><br>So habe ich mir das vorgestellt, liebe Lauffreunde, dass ich zu Beginn des 2. Halbjahres mit Lauf- und Schwimmtraining in ein etwas intensiveres Training einsteigen kann. Nat\u00fcrlich lief ich die Wochen zuvor auch meine Runden hier in den Gr\u00fcndauauen von Langenselbold, rund um den Kinzigsee oder durch das R\u00f6hrig bei Rodenbach. JETZT aber stehen wieder reale (!) Rennen auf dem Plan, die ich gerne laufen m\u00f6chte. <strong>Kleine Anekdote am Rande: <\/strong>Beim vergangenen Montag-Training begegnete ich auf dem R\u00fcckweg von meiner R\u00f6hrig-Runde bei Rodenbach dem Sascha Arndt auf dem Rad, dem Erfolgstrainer vom SSC Hanau-Rodenbach! Er rief mir zu am Rodenbacher Lauftag am 12.09.21 teilzunehmen! Vorweg; das habe ich vor, und zwar \u00fcber die 10 km mit Start gegen 14:15 Uhr. Sascha ist u. a. Trainer von Lisa Oed, die am vergangenen Freitag sensationell die Bronzemedaille bei der U23-Europameisterschaft \u00fcber 10.000 Meter gewonnen hat. In neuer pers\u00f6nlicher Bestzeit von 33:35,99 Min. lief sie auf das Siegerpodest bei der EM in Tallinn. UND so gratulierte ich Sascha &#8220;hinter seinem R\u00fccken&#8221; beim \u00dcberqueren der Kinzig \u00fcber die Br\u00fccke:-)<\/p>\n\n\n\n<p style=\"font-size:24px\">&lt;Fortsetzung folgt&#8230;&gt;<\/p>\n\n\n\n<p><\/p>\n","protected":false},"excerpt":{"rendered":"<p>+++Aus aktuellem Anlass wie geplant &#8211; Silvesterlauf TV Oberrodenbach 31.12.2021 &#8211; LAUFTRaining des EIFELRUNNERS am [&hellip;]<\/p>\n","protected":false},"author":4,"featured_media":1860,"comment_status":"closed","ping_status":"open","sticky":false,"template":"","format":"standard","meta":[],"categories":[35],"tags":[],"_links":{"self":[{"href":"https:\/\/www.joerg-alff.de\/cms\/wp-json\/wp\/v2\/posts\/2007"}],"collection":[{"href":"https:\/\/www.joerg-alff.de\/cms\/wp-json\/wp\/v2\/posts"}],"about":[{"href":"https:\/\/www.joerg-alff.de\/cms\/wp-json\/wp\/v2\/types\/post"}],"author":[{"embeddable":true,"href":"https:\/\/www.joerg-alff.de\/cms\/wp-json\/wp\/v2\/users\/4"}],"replies":[{"embeddable":true,"href":"https:\/\/www.joerg-alff.de\/cms\/wp-json\/wp\/v2\/comments?post=2007"}],"version-history":[{"count":8,"href":"https:\/\/www.joerg-alff.de\/cms\/wp-json\/wp\/v2\/posts\/2007\/revisions"}],"predecessor-version":[{"id":2102,"href":"https:\/\/www.joerg-alff.de\/cms\/wp-json\/wp\/v2\/posts\/2007\/revisions\/2102"}],"wp:featuredmedia":[{"embeddable":true,"href":"https:\/\/www.joerg-alff.de\/cms\/wp-json\/wp\/v2\/media\/1860"}],"wp:attachment":[{"href":"https:\/\/www.joerg-alff.de\/cms\/wp-json\/wp\/v2\/media?parent=2007"}],"wp:term":[{"taxonomy":"category","embeddable":true,"href":"https:\/\/www.joerg-alff.de\/cms\/wp-json\/wp\/v2\/categories?post=2007"},{"taxonomy":"post_tag","embeddable":true,"href":"https:\/\/www.joerg-alff.de\/cms\/wp-json\/wp\/v2\/tags?post=2007"}],"curies":[{"name":"wp","href":"https:\/\/api.w.org\/{rel}","templated":true}]}}