{"id":2153,"date":"2022-01-06T11:35:07","date_gmt":"2022-01-06T10:35:07","guid":{"rendered":"https:\/\/www.joerg-alff.de\/cms\/?p=2153"},"modified":"2022-01-18T22:04:19","modified_gmt":"2022-01-18T21:04:19","slug":"4-platz-1025km-maenner-2-virtueller-silvesterlauf-vom-tv-oberrodenbach","status":"publish","type":"post","link":"https:\/\/www.joerg-alff.de\/cms\/2022\/01\/06\/4-platz-1025km-maenner-2-virtueller-silvesterlauf-vom-tv-oberrodenbach\/","title":{"rendered":"4. Platz 10,25km M\u00e4nner &#8211; 2. Virtueller Silvesterlauf vom TV Oberrodenbach"},"content":{"rendered":"\n<p>Beim 2. Virtuellen Silvesterlauf vom TVO belegte ich den guten 4. Platz \u00fcber die 10,25 km der M\u00e4nner. Die Zeit von 43:22 Minuten blieb zwar hinter der Zeit von 2021 zur\u00fcck mit 1:01 Minuten. Nichtsdestotrotz kam ich sehr gut durch und konnte mich gut auf die Waldstrecke einstellen. Nat\u00fcrlich h\u00e4tte ich gerne die 15 Sekunden unterboten, um auf den 3. Platz zu kommen!!! Aber klar ist, dass ich alleine &#8220;auf weiter Flur&#8221; nicht die Konkurrenten um mich herum hatte, um den notwendigen Schub zu haben die L\u00e4ufer im Auge zu behalten und eben auch den ein oder anderen Runner hinter mich zu lassen. <\/p>\n\n\n\n<p>Auf der Internetseite von <a href=\"https:\/\/heldendessports.de\/silvesterlauf2021\/\" data-type=\"URL\" data-id=\"https:\/\/heldendessports.de\/silvesterlauf2021\/\">&#8220;Helden des Sports&#8221;<\/a> sind die Ergebnisse und auch Fotos der Akteurinnen und Akteure zu sehen und die Zeiten zu verfolgen. Es ist eine gute und tolle Sache von den Betreibern, denn mit Teilen der Startgeb\u00fchr unterst\u00fctzen sie den <a rel=\"noreferrer noopener\" href=\"https:\/\/krebskranke-kinder-darmstadt.de\/\" target=\"_blank\">Verein f\u00fcr krebsranke und chronisch kranke Kinder Darmstadt.<\/a> <\/p>\n\n\n\n<p>So freue ich mich auf das neue Wettkampfjahr 2022 mit den hoffentlich anstehenden Rennen wie der &#8220;Schneller Zehner&#8221; von Rodenbach im Fr\u00fchjahr!!!<\/p>\n\n\n\n<p>Euer Eifelrunner <br>J\u00f6rg<\/p>\n\n\n\n<p><\/p>\n\n\n\n<figure class=\"wp-block-image size-large\"><a href=\"https:\/\/www.joerg-alff.de\/cms\/wp-content\/uploads\/2022\/01\/Helden-des-Sports_040122.jpg\"><img loading=\"lazy\" width=\"1024\" height=\"200\" src=\"https:\/\/www.joerg-alff.de\/cms\/wp-content\/uploads\/2022\/01\/Helden-des-Sports_040122-1024x200.jpg\" alt=\"\" class=\"wp-image-2154\" srcset=\"https:\/\/www.joerg-alff.de\/cms\/wp-content\/uploads\/2022\/01\/Helden-des-Sports_040122-1024x200.jpg 1024w, https:\/\/www.joerg-alff.de\/cms\/wp-content\/uploads\/2022\/01\/Helden-des-Sports_040122-300x59.jpg 300w, https:\/\/www.joerg-alff.de\/cms\/wp-content\/uploads\/2022\/01\/Helden-des-Sports_040122-768x150.jpg 768w, https:\/\/www.joerg-alff.de\/cms\/wp-content\/uploads\/2022\/01\/Helden-des-Sports_040122.jpg 1232w\" sizes=\"(max-width: 1024px) 100vw, 1024px\" \/><\/a><\/figure>\n\n\n\n<p><\/p>\n","protected":false},"excerpt":{"rendered":"<p>Beim 2. Virtuellen Silvesterlauf vom TVO belegte ich den guten 4. Platz \u00fcber die 10,25 [&hellip;]<\/p>\n","protected":false},"author":4,"featured_media":2079,"comment_status":"closed","ping_status":"open","sticky":false,"template":"","format":"standard","meta":[],"categories":[38],"tags":[],"_links":{"self":[{"href":"https:\/\/www.joerg-alff.de\/cms\/wp-json\/wp\/v2\/posts\/2153"}],"collection":[{"href":"https:\/\/www.joerg-alff.de\/cms\/wp-json\/wp\/v2\/posts"}],"about":[{"href":"https:\/\/www.joerg-alff.de\/cms\/wp-json\/wp\/v2\/types\/post"}],"author":[{"embeddable":true,"href":"https:\/\/www.joerg-alff.de\/cms\/wp-json\/wp\/v2\/users\/4"}],"replies":[{"embeddable":true,"href":"https:\/\/www.joerg-alff.de\/cms\/wp-json\/wp\/v2\/comments?post=2153"}],"version-history":[{"count":4,"href":"https:\/\/www.joerg-alff.de\/cms\/wp-json\/wp\/v2\/posts\/2153\/revisions"}],"predecessor-version":[{"id":2163,"href":"https:\/\/www.joerg-alff.de\/cms\/wp-json\/wp\/v2\/posts\/2153\/revisions\/2163"}],"wp:featuredmedia":[{"embeddable":true,"href":"https:\/\/www.joerg-alff.de\/cms\/wp-json\/wp\/v2\/media\/2079"}],"wp:attachment":[{"href":"https:\/\/www.joerg-alff.de\/cms\/wp-json\/wp\/v2\/media?parent=2153"}],"wp:term":[{"taxonomy":"category","embeddable":true,"href":"https:\/\/www.joerg-alff.de\/cms\/wp-json\/wp\/v2\/categories?post=2153"},{"taxonomy":"post_tag","embeddable":true,"href":"https:\/\/www.joerg-alff.de\/cms\/wp-json\/wp\/v2\/tags?post=2153"}],"curies":[{"name":"wp","href":"https:\/\/api.w.org\/{rel}","templated":true}]}}