{"id":2375,"date":"2024-06-12T21:01:12","date_gmt":"2024-06-12T19:01:12","guid":{"rendered":"https:\/\/www.joerg-alff.de\/cms\/?p=2375"},"modified":"2025-06-03T13:52:14","modified_gmt":"2025-06-03T11:52:14","slug":"ak-60-siege-dreimal-in-folge-2x-virtuell-und-beim-30-j-p-morgan-corporate-chase","status":"publish","type":"post","link":"https:\/\/www.joerg-alff.de\/cms\/2024\/06\/12\/ak-60-siege-dreimal-in-folge-2x-virtuell-und-beim-30-j-p-morgan-corporate-chase\/","title":{"rendered":"AK-60-Siege dreimal in Folge &#8211; 2x Virtuell und beim 30. J.P. Morgan Corporate Chase"},"content":{"rendered":"\n<p>Bei den ersten Wettk\u00e4mpf-Eins\u00e4tzen in der neuen M60er Altersklasse habe ich gleich erste Pl\u00e4tze belegt. Sowohl \u00fcber eine virtuelle 10-km-Strecke als auch \u00fcber eine 5-km-Strecke \u00fcber das Laufportal &#8220;<a href=\"https:\/\/lauf-weiter.de\/\" data-type=\"URL\" data-id=\"https:\/\/lauf-weiter.de\/\">Lauf-weiter<\/a>&#8221; habe ich Klassensiege erzielt auf meiner Hausstrecke hier in Langenselbold nach Erlensee auf dem Radweg. <\/p>\n\n\n\n<p>Es ist bei so einem virtuellen Rennen nat\u00fcrlich auch ein reines Laufen gegen die Samsung Galaxy Watch5 Pro. Aber die Streckenf\u00fchrung  von Langenselbold nach Erlensee ist pr\u00e4destiniert f\u00fcr die Wettk\u00e4mpfe &#8220;ohne Gegner&#8221;:<\/p>\n\n\n\n<p><strong>10.05.202413:45 h \u2013 14:30 h:<\/strong> Lauf Weiter <strong>\u201cDonkey Run\u201d <\/strong>10,01 km &#8211; 45:22 min. <strong>Gesamtsieg <\/strong>unter 13 L\u00e4ufern<br>AK M60 Platz 1<\/p>\n\n\n\n<p><strong>23.05.202413:57 h \u2013 14:18 h:<\/strong> Lauf Weiter <strong>\u201cLauf mit Maja\u201d <\/strong>5,01 km &#8211; 21:12 min. <strong>Gesamtsieg <\/strong>unter 92 L\u00e4ufern<br>AK M60 Platz 1<\/p>\n\n\n\n<p>Beim 30. J.P. Morgan Corporate Challenge am 05.06.24 habe ich wieder einen tollen 5. Platz in der internen Commerzbank-Wertung belegt wie auch schon 2023. In einer Zeit von 21:51 Min. habe ich mich gegen\u00fcber der letztj\u00e4hrigen Zeit um ganze 18 Sekunden gesteigert, was mich sehr gefreut hat. Es geht aufw\u00e4rts in meinem Training!!!<\/p>\n\n\n\n<p>Die Kr\u00f6nung meines Chaselaufs ist der Sieg in der AK-60-64 im gesamten L\u00e4uferfeld. Unter 704 L\u00e4ufern der M60 habe ich einen gro\u00dfen Altersklassensieg erreicht, \u00fcber den ich sehr stolze bin. Zeigt es doch, dass ich meine &#8220;60er-Klasse&#8221; auf der Stra\u00dfe durchsetzen kann und einen weiteren AK-Gewinn erzielen konnte. Gespannt ist jetzt noch die Teamwertung f\u00fcr die Commerzbank-Mannschaften. Ich habe meinem Orga-Team das M\u00e4nner-Team und das (erste) Mixed-Team an die Hand gegeben und zur Wertung &#8220;freigegeben&#8221;!!! Selbst bin ich sehr gespannt, ob ich mit meinen Kolleginnen und dem einen Kollegen einen Platz unter den ersten f\u00fcnf Mixed-Mannschaften belegen kann!!! <\/p>\n\n\n\n<p>Ich werde es Euch berichten, sobald die Ergebnisse feststehen&#8230;<\/p>\n\n\n\n<p>Euer Eifelrunner,<\/p>\n\n\n\n<p>J\u00f6rg<\/p>\n\n\n\n<p><\/p>\n\n\n\n<p> <\/p>\n\n\n\n<figure class=\"wp-block-image\"><img alt=\"\"\/><\/figure>\n\n\n\n<p><\/p>\n\n\n\n<p><\/p>\n\n\n\n<p><\/p>\n\n\n\n<figure class=\"wp-block-image size-large\"><a href=\"https:\/\/www.joerg-alff.de\/cms\/wp-content\/uploads\/2024\/06\/Lauf-Weiter-Donkey-Run_100524-1.jpg\"><img loading=\"lazy\" width=\"478\" height=\"1024\" src=\"https:\/\/www.joerg-alff.de\/cms\/wp-content\/uploads\/2024\/06\/Lauf-Weiter-Donkey-Run_100524-1-478x1024.jpg\" alt=\"\" class=\"wp-image-2380\" srcset=\"https:\/\/www.joerg-alff.de\/cms\/wp-content\/uploads\/2024\/06\/Lauf-Weiter-Donkey-Run_100524-1-478x1024.jpg 478w, https:\/\/www.joerg-alff.de\/cms\/wp-content\/uploads\/2024\/06\/Lauf-Weiter-Donkey-Run_100524-1-140x300.jpg 140w, https:\/\/www.joerg-alff.de\/cms\/wp-content\/uploads\/2024\/06\/Lauf-Weiter-Donkey-Run_100524-1-768x1647.jpg 768w, https:\/\/www.joerg-alff.de\/cms\/wp-content\/uploads\/2024\/06\/Lauf-Weiter-Donkey-Run_100524-1-716x1536.jpg 716w, https:\/\/www.joerg-alff.de\/cms\/wp-content\/uploads\/2024\/06\/Lauf-Weiter-Donkey-Run_100524-1-955x2048.jpg 955w, https:\/\/www.joerg-alff.de\/cms\/wp-content\/uploads\/2024\/06\/Lauf-Weiter-Donkey-Run_100524-1.jpg 1080w\" sizes=\"(max-width: 478px) 100vw, 478px\" \/><\/a><\/figure>\n\n\n\n<p><\/p>\n\n\n\n<p><\/p>\n\n\n\n<p><\/p>\n\n\n\n<figure class=\"wp-block-image size-large\"><a href=\"https:\/\/www.joerg-alff.de\/cms\/wp-content\/uploads\/2024\/06\/Lauf-Weiter-Biene-Maja_Run_210524.jpg\"><img loading=\"lazy\" width=\"478\" height=\"1024\" src=\"https:\/\/www.joerg-alff.de\/cms\/wp-content\/uploads\/2024\/06\/Lauf-Weiter-Biene-Maja_Run_210524-478x1024.jpg\" alt=\"\" class=\"wp-image-2382\" srcset=\"https:\/\/www.joerg-alff.de\/cms\/wp-content\/uploads\/2024\/06\/Lauf-Weiter-Biene-Maja_Run_210524-478x1024.jpg 478w, https:\/\/www.joerg-alff.de\/cms\/wp-content\/uploads\/2024\/06\/Lauf-Weiter-Biene-Maja_Run_210524-140x300.jpg 140w, https:\/\/www.joerg-alff.de\/cms\/wp-content\/uploads\/2024\/06\/Lauf-Weiter-Biene-Maja_Run_210524-768x1647.jpg 768w, https:\/\/www.joerg-alff.de\/cms\/wp-content\/uploads\/2024\/06\/Lauf-Weiter-Biene-Maja_Run_210524-716x1536.jpg 716w, https:\/\/www.joerg-alff.de\/cms\/wp-content\/uploads\/2024\/06\/Lauf-Weiter-Biene-Maja_Run_210524-955x2048.jpg 955w, https:\/\/www.joerg-alff.de\/cms\/wp-content\/uploads\/2024\/06\/Lauf-Weiter-Biene-Maja_Run_210524.jpg 1080w\" sizes=\"(max-width: 478px) 100vw, 478px\" \/><\/a><\/figure>\n\n\n\n<figure class=\"wp-block-image size-large\"><a href=\"https:\/\/www.joerg-alff.de\/cms\/wp-content\/uploads\/2024\/06\/Chaselauf_Coba_050624a.jpg\"><img loading=\"lazy\" width=\"1024\" height=\"572\" src=\"https:\/\/www.joerg-alff.de\/cms\/wp-content\/uploads\/2024\/06\/Chaselauf_Coba_050624a-1024x572.jpg\" alt=\"\" class=\"wp-image-2387\" srcset=\"https:\/\/www.joerg-alff.de\/cms\/wp-content\/uploads\/2024\/06\/Chaselauf_Coba_050624a-1024x572.jpg 1024w, https:\/\/www.joerg-alff.de\/cms\/wp-content\/uploads\/2024\/06\/Chaselauf_Coba_050624a-300x167.jpg 300w, https:\/\/www.joerg-alff.de\/cms\/wp-content\/uploads\/2024\/06\/Chaselauf_Coba_050624a-768x429.jpg 768w, https:\/\/www.joerg-alff.de\/cms\/wp-content\/uploads\/2024\/06\/Chaselauf_Coba_050624a.jpg 1295w\" sizes=\"(max-width: 1024px) 100vw, 1024px\" \/><\/a><\/figure>\n\n\n\n<p><\/p>\n\n\n\n<p><\/p>\n\n\n\n<figure class=\"wp-block-image size-large\"><a href=\"https:\/\/www.joerg-alff.de\/cms\/wp-content\/uploads\/2024\/06\/DAGO3845-1024x683-1.jpg\"><img loading=\"lazy\" width=\"1024\" height=\"683\" src=\"https:\/\/www.joerg-alff.de\/cms\/wp-content\/uploads\/2024\/06\/DAGO3845-1024x683-1.jpg\" alt=\"\" class=\"wp-image-2381\" srcset=\"https:\/\/www.joerg-alff.de\/cms\/wp-content\/uploads\/2024\/06\/DAGO3845-1024x683-1.jpg 1024w, https:\/\/www.joerg-alff.de\/cms\/wp-content\/uploads\/2024\/06\/DAGO3845-1024x683-1-300x200.jpg 300w, https:\/\/www.joerg-alff.de\/cms\/wp-content\/uploads\/2024\/06\/DAGO3845-1024x683-1-768x512.jpg 768w\" sizes=\"(max-width: 1024px) 100vw, 1024px\" \/><\/a><\/figure>\n\n\n\n<p><\/p>\n\n\n\n<p><\/p>\n\n\n\n<p><\/p>\n\n\n\n<figure class=\"wp-block-gallery columns-0 is-cropped\"><ul class=\"blocks-gallery-grid\"><\/ul><\/figure>\n","protected":false},"excerpt":{"rendered":"<p>Bei den ersten Wettk\u00e4mpf-Eins\u00e4tzen in der neuen M60er Altersklasse habe ich gleich erste Pl\u00e4tze belegt. [&hellip;]<\/p>\n","protected":false},"author":4,"featured_media":2381,"comment_status":"closed","ping_status":"open","sticky":false,"template":"","format":"standard","meta":[],"categories":[1],"tags":[],"_links":{"self":[{"href":"https:\/\/www.joerg-alff.de\/cms\/wp-json\/wp\/v2\/posts\/2375"}],"collection":[{"href":"https:\/\/www.joerg-alff.de\/cms\/wp-json\/wp\/v2\/posts"}],"about":[{"href":"https:\/\/www.joerg-alff.de\/cms\/wp-json\/wp\/v2\/types\/post"}],"author":[{"embeddable":true,"href":"https:\/\/www.joerg-alff.de\/cms\/wp-json\/wp\/v2\/users\/4"}],"replies":[{"embeddable":true,"href":"https:\/\/www.joerg-alff.de\/cms\/wp-json\/wp\/v2\/comments?post=2375"}],"version-history":[{"count":8,"href":"https:\/\/www.joerg-alff.de\/cms\/wp-json\/wp\/v2\/posts\/2375\/revisions"}],"predecessor-version":[{"id":2491,"href":"https:\/\/www.joerg-alff.de\/cms\/wp-json\/wp\/v2\/posts\/2375\/revisions\/2491"}],"wp:featuredmedia":[{"embeddable":true,"href":"https:\/\/www.joerg-alff.de\/cms\/wp-json\/wp\/v2\/media\/2381"}],"wp:attachment":[{"href":"https:\/\/www.joerg-alff.de\/cms\/wp-json\/wp\/v2\/media?parent=2375"}],"wp:term":[{"taxonomy":"category","embeddable":true,"href":"https:\/\/www.joerg-alff.de\/cms\/wp-json\/wp\/v2\/categories?post=2375"},{"taxonomy":"post_tag","embeddable":true,"href":"https:\/\/www.joerg-alff.de\/cms\/wp-json\/wp\/v2\/tags?post=2375"}],"curies":[{"name":"wp","href":"https:\/\/api.w.org\/{rel}","templated":true}]}}