{"id":2433,"date":"2024-11-07T21:57:46","date_gmt":"2024-11-07T20:57:46","guid":{"rendered":"https:\/\/www.joerg-alff.de\/cms\/?p=2433"},"modified":"2024-11-14T15:26:55","modified_gmt":"2024-11-14T14:26:55","slug":"virtueller-5-km-lauf-brustkrebs-spendenlauf","status":"publish","type":"post","link":"https:\/\/www.joerg-alff.de\/cms\/2024\/11\/07\/virtueller-5-km-lauf-brustkrebs-spendenlauf\/","title":{"rendered":"Virtueller 5-km-Lauf &#8211; Brustkrebs-Spendenlauf"},"content":{"rendered":"\n<p><strong>Wieder ein AK-Sieg in der M60 und der Gesamtsieg (!) im 5-km-Lauf f\u00fcr den Brustkrebs-Spendenlauf!!!<\/strong><\/p>\n\n\n\n<p>Es war wieder mal ein sch\u00f6ner Erfolg auf der &#8220;virtuellen&#8221; 5-km-Strecke Richtung Erlensee. Die Hausstrecke vom Startpunkt Feuerwache Selbold hat sich bew\u00e4hrt, ist doch die Strecke flach und f\u00fchrt geradeaus in Richtung der Nachbarstadt. Es ist nicht immer so einfach und schon grade nicht selbstverst\u00e4ndlich &#8220;nur&#8221; gegen die Uhr zu laufen so ganz ohne Konkurrenz. Bei diesem Ergebnis von 20:57 min. f\u00fcr die 5 km bin ich mir sicher, dass ich in einem &#8220;echten&#8221; und realen Wettkampf eine Zeit unter 20 Minuten laufen kann!!!<\/p>\n\n\n\n<p>Was momentan fehlt sind die regelm\u00e4\u00dfigen Tempoeinheiten von z. B. 6x 400 m oder 3 x 1.000 m oder auch Pryramidenl\u00e4ufen von bspw. 300m &#8211; 400m &#8211; 600m &#8211; 800m &#8211; 600m &#8211; 400m 300m. Was ich immer in meinem Lauftraining einbinde sind Wechseltempo und schnelle Zwischenprints und ber\u00fccksichtige dabei auch die geografische Umgebung in Langenselbold und Umgebung. So kann ich sagen, dass ich unter den jetzigen Gegebenheiten das Beste aus mir heraushole und auch meine morgendliche GYM-Einlage mit Stretching und Koordination mir helfen schneller zu werden!!!<\/p>\n\n\n\n<p><\/p>\n\n\n\n<p>https:\/\/my.raceresult.com\/299870\/#5_07AD35<span class=\"has-inline-color has-luminous-vivid-amber-color\">&#x1f600;&#x1f600;&#x1f600;<\/span><\/p>\n\n\n\n<p><a href=\"https:\/\/my.raceresult.com\/299870\/#5_07AD35\">Brustkrebs Spendenlauf, 27.09.2024-06.10.2024 : : my.race|result<\/a><\/p>\n\n\n\n<figure class=\"wp-block-image size-large\"><a href=\"https:\/\/www.joerg-alff.de\/cms\/wp-content\/uploads\/2024\/11\/image.png\"><img loading=\"lazy\" width=\"1024\" height=\"444\" src=\"https:\/\/www.joerg-alff.de\/cms\/wp-content\/uploads\/2024\/11\/image-1024x444.png\" alt=\"\" class=\"wp-image-2453\" srcset=\"https:\/\/www.joerg-alff.de\/cms\/wp-content\/uploads\/2024\/11\/image-1024x444.png 1024w, https:\/\/www.joerg-alff.de\/cms\/wp-content\/uploads\/2024\/11\/image-300x130.png 300w, https:\/\/www.joerg-alff.de\/cms\/wp-content\/uploads\/2024\/11\/image-768x333.png 768w, https:\/\/www.joerg-alff.de\/cms\/wp-content\/uploads\/2024\/11\/image-1536x666.png 1536w, https:\/\/www.joerg-alff.de\/cms\/wp-content\/uploads\/2024\/11\/image.png 1795w\" sizes=\"(max-width: 1024px) 100vw, 1024px\" \/><\/a><\/figure>\n\n\n\n<figure class=\"wp-block-image size-large\"><a href=\"https:\/\/www.joerg-alff.de\/cms\/wp-content\/uploads\/2024\/11\/Screenshot-2024-11-14-152132.png\"><img loading=\"lazy\" width=\"1024\" height=\"265\" src=\"https:\/\/www.joerg-alff.de\/cms\/wp-content\/uploads\/2024\/11\/Screenshot-2024-11-14-152132-1024x265.png\" alt=\"\" class=\"wp-image-2455\" srcset=\"https:\/\/www.joerg-alff.de\/cms\/wp-content\/uploads\/2024\/11\/Screenshot-2024-11-14-152132-1024x265.png 1024w, https:\/\/www.joerg-alff.de\/cms\/wp-content\/uploads\/2024\/11\/Screenshot-2024-11-14-152132-300x78.png 300w, https:\/\/www.joerg-alff.de\/cms\/wp-content\/uploads\/2024\/11\/Screenshot-2024-11-14-152132-768x199.png 768w, https:\/\/www.joerg-alff.de\/cms\/wp-content\/uploads\/2024\/11\/Screenshot-2024-11-14-152132-1536x397.png 1536w, https:\/\/www.joerg-alff.de\/cms\/wp-content\/uploads\/2024\/11\/Screenshot-2024-11-14-152132.png 1832w\" sizes=\"(max-width: 1024px) 100vw, 1024px\" \/><\/a><\/figure>\n\n\n\n<figure class=\"wp-block-image\"><img alt=\"\"\/><\/figure>\n\n\n\n<figure class=\"wp-block-image size-large\"><a href=\"https:\/\/www.joerg-alff.de\/cms\/wp-content\/uploads\/2024\/11\/certificate3137.pdf\"><img loading=\"lazy\" width=\"724\" height=\"1024\" src=\"https:\/\/www.joerg-alff.de\/cms\/wp-content\/uploads\/2024\/11\/certificate3137-pdf-724x1024.jpg\" alt=\"\" class=\"wp-image-2440\"\/><\/a><\/figure>\n\n\n\n<figure class=\"wp-block-image\"><img alt=\"\"\/><\/figure>\n","protected":false},"excerpt":{"rendered":"<p>Wieder ein AK-Sieg in der M60 und der Gesamtsieg (!) im 5-km-Lauf f\u00fcr den Brustkrebs-Spendenlauf!!! [&hellip;]<\/p>\n","protected":false},"author":4,"featured_media":2453,"comment_status":"closed","ping_status":"open","sticky":false,"template":"","format":"standard","meta":[],"categories":[1],"tags":[],"_links":{"self":[{"href":"https:\/\/www.joerg-alff.de\/cms\/wp-json\/wp\/v2\/posts\/2433"}],"collection":[{"href":"https:\/\/www.joerg-alff.de\/cms\/wp-json\/wp\/v2\/posts"}],"about":[{"href":"https:\/\/www.joerg-alff.de\/cms\/wp-json\/wp\/v2\/types\/post"}],"author":[{"embeddable":true,"href":"https:\/\/www.joerg-alff.de\/cms\/wp-json\/wp\/v2\/users\/4"}],"replies":[{"embeddable":true,"href":"https:\/\/www.joerg-alff.de\/cms\/wp-json\/wp\/v2\/comments?post=2433"}],"version-history":[{"count":11,"href":"https:\/\/www.joerg-alff.de\/cms\/wp-json\/wp\/v2\/posts\/2433\/revisions"}],"predecessor-version":[{"id":2456,"href":"https:\/\/www.joerg-alff.de\/cms\/wp-json\/wp\/v2\/posts\/2433\/revisions\/2456"}],"wp:featuredmedia":[{"embeddable":true,"href":"https:\/\/www.joerg-alff.de\/cms\/wp-json\/wp\/v2\/media\/2453"}],"wp:attachment":[{"href":"https:\/\/www.joerg-alff.de\/cms\/wp-json\/wp\/v2\/media?parent=2433"}],"wp:term":[{"taxonomy":"category","embeddable":true,"href":"https:\/\/www.joerg-alff.de\/cms\/wp-json\/wp\/v2\/categories?post=2433"},{"taxonomy":"post_tag","embeddable":true,"href":"https:\/\/www.joerg-alff.de\/cms\/wp-json\/wp\/v2\/tags?post=2433"}],"curies":[{"name":"wp","href":"https:\/\/api.w.org\/{rel}","templated":true}]}}